{"id":5049,"date":"2015-02-06T11:00:22","date_gmt":"2015-02-06T11:00:22","guid":{"rendered":"https:\/\/rhworldimagery.wordpress.com\/?p=5049"},"modified":"2015-04-02T15:42:16","modified_gmt":"2015-04-02T15:42:16","slug":"spains-best-festivals","status":"publish","type":"post","link":"https:\/\/www.robertharding.com\/blog\/2015\/02\/06\/spains-best-festivals\/","title":{"rendered":"Spain&#8217;s best festivals"},"content":{"rendered":"<p>Spain is the world&#8217;s best festival destination\u00a0with every town in the country holding its own unique street party. Whether centring around extravagant parades,\u00a0feats of bravery,\u00a0fireworks or food fights, these events are all\u00a0about celebration and exuberant spectacle. Here are some of the best.<\/p>\n<p><strong>Las Fallas, Valencia,\u00a0March\u00a0<\/strong><\/p>\n<p>Sculptors in Valencia work for many months to create the\u00a0<em>fallas \u2013\u00a0<\/em>elaborate wooden, paper-mach\u00e8\u00a0and plaster figures propped on architectural monuments\u00a0several stories high, that\u00a0are often\u00a0caricatures\u00a0of public figures and celebrities. After being paraded on the streets for a few days they are spectacularly\u00a0burned during <em>la crema<\/em>, the highlight of Las Fallas festival.<\/p>\n<p>Carnival characters and satirical sculptures at the\u00a0Fallas festival, Valencia (White Star\/Jorg Steinert\/Robert Harding)<\/p>\n<p><a href=\"http:\/\/www.robertharding.com\/results.php?Search=spain festival\"><img loading=\"lazy\" decoding=\"async\" class=\"alignnone wp-image-5084 size-full\" src=\"http:\/\/www.robertharding.com\/blog\/wp-content\/uploads\/2015\/01\/832-117216.jpg\" alt=\"Crude carnival characters and satirical sculptures at a parade, Fallas festival, Falles festival in Valencia in early spring, Spain, Europe\" width=\"480\" height=\"320\" srcset=\"https:\/\/www.robertharding.com\/blog\/wp-content\/uploads\/2015\/01\/832-117216.jpg 480w, https:\/\/www.robertharding.com\/blog\/wp-content\/uploads\/2015\/01\/832-117216-368x245.jpg 368w\" sizes=\"auto, (max-width: 480px) 100vw, 480px\" \/><\/a><\/p>\n<p><!--more-->Falla of Na Jordana burning, by Manolo Martin, Fallas Festival, Valencia (Lucas Vallecillos\/Robert Harding)<\/p>\n<p><a href=\"http:\/\/www.robertharding.com\/results.php?Search=spain festival\"><img loading=\"lazy\" decoding=\"async\" class=\"alignnone wp-image-5082 size-full\" src=\"http:\/\/www.robertharding.com\/blog\/wp-content\/uploads\/2015\/01\/817-437190.jpg\" alt=\"Falla of Na Jordana burning,by Manolo Martin,Fallas Festival, Valencia,Spain\" width=\"480\" height=\"313\" srcset=\"https:\/\/www.robertharding.com\/blog\/wp-content\/uploads\/2015\/01\/817-437190.jpg 480w, https:\/\/www.robertharding.com\/blog\/wp-content\/uploads\/2015\/01\/817-437190-376x245.jpg 376w\" sizes=\"auto, (max-width: 480px) 100vw, 480px\" \/><\/a><\/p>\n<p>Falla burning, Fallas festival, Valencia\u00a0(Lucas Vallecillos\/Robert Harding)<\/p>\n<p><a href=\"http:\/\/www.robertharding.com\/results.php?Search=spain festival\"><img loading=\"lazy\" decoding=\"async\" class=\"alignnone wp-image-5083 size-full\" src=\"http:\/\/www.robertharding.com\/blog\/wp-content\/uploads\/2015\/01\/817-437218.jpg\" alt=\"Falla of San Vicente Periodista Azati i Padilla burning,Fallas festival,Valencia,Spain\" width=\"480\" height=\"312\" srcset=\"https:\/\/www.robertharding.com\/blog\/wp-content\/uploads\/2015\/01\/817-437218.jpg 480w, https:\/\/www.robertharding.com\/blog\/wp-content\/uploads\/2015\/01\/817-437218-377x245.jpg 377w\" sizes=\"auto, (max-width: 480px) 100vw, 480px\" \/><\/a><\/p>\n<p><strong>Semana Santa, throughout Spain, April<\/strong><\/p>\n<p>During Semana Santa, as Easter is known in Spain, Catholic brotherhoods take to the streets to perform\u00a0solemn processions, often dressed in striking &#8211; not to mention scary-looking &#8211; robes with\u00a0hoods, originating from\u00a0medieval penitents\u2019 costumes. These processions dominate the streets of almost every Spanish town during the last week of Lent, but they are at their most visually extravagant in Andalusia and Malaga.<\/p>\n<p>Procession of the brotherhood Lignum Crucis, Good Friday, Semana Santa, Iglesia de la Concepcion, Tenerife (Juergen Richter\/Robert Harding)<\/p>\n<p><a href=\"http:\/\/www.robertharding.com\/results.php?Search=spain festival\"><img loading=\"lazy\" decoding=\"async\" class=\"alignnone wp-image-5175 size-full\" src=\"http:\/\/www.robertharding.com\/blog\/wp-content\/uploads\/2015\/02\/1113-56872.jpg\" alt=\"Procession of the brotherhood Lignum Crucis, Good Friday, Semana Santa, holy week, Iglesia de la Concepcion, historic centre of La Laguna, Tenerife, Canary Islands, Spain\" width=\"480\" height=\"317\" srcset=\"https:\/\/www.robertharding.com\/blog\/wp-content\/uploads\/2015\/02\/1113-56872.jpg 480w, https:\/\/www.robertharding.com\/blog\/wp-content\/uploads\/2015\/02\/1113-56872-371x245.jpg 371w\" sizes=\"auto, (max-width: 480px) 100vw, 480px\" \/><\/a><\/p>\n<p>Easter Week (Semana Santa) &#8211; Smoking candles held during a procession,\u00a0Malaga (Rob Cousins\/Robert Harding)<\/p>\n<p><a href=\"http:\/\/www.robertharding.com\/results.php?Search=spain festival\"><img loading=\"lazy\" decoding=\"async\" class=\"alignnone wp-image-5169 size-full\" src=\"http:\/\/www.robertharding.com\/blog\/wp-content\/uploads\/2015\/02\/492-3154.jpg\" alt=\"Malaga-Spain - Easter Week (Semana Santa) - Smoking candles held during a procession\" width=\"480\" height=\"314\" srcset=\"https:\/\/www.robertharding.com\/blog\/wp-content\/uploads\/2015\/02\/492-3154.jpg 480w, https:\/\/www.robertharding.com\/blog\/wp-content\/uploads\/2015\/02\/492-3154-375x245.jpg 375w\" sizes=\"auto, (max-width: 480px) 100vw, 480px\" \/><\/a><\/p>\n<p>Detail from a\u00a0Semana Santa parade (Iolanda Astor\/Robert Harding)<\/p>\n<p><a href=\"http:\/\/www.robertharding.com\/results.php?Search=spain festival\"><img loading=\"lazy\" decoding=\"async\" class=\"alignnone wp-image-5172 size-full\" src=\"http:\/\/www.robertharding.com\/blog\/wp-content\/uploads\/2015\/02\/817-188347.jpg\" alt=\"Paso de una procesion de Semana Santa, Spain.\" width=\"480\" height=\"319\" srcset=\"https:\/\/www.robertharding.com\/blog\/wp-content\/uploads\/2015\/02\/817-188347.jpg 480w, https:\/\/www.robertharding.com\/blog\/wp-content\/uploads\/2015\/02\/817-188347-369x245.jpg 369w\" sizes=\"auto, (max-width: 480px) 100vw, 480px\" \/><\/a><\/p>\n<p>Las Turbas procession, Semana Santa, Cuenca, La Mancha (Antonio Real\/Robert Harding)<\/p>\n<p><a href=\"http:\/\/www.robertharding.com\/results.php?Search=spain festival\"><img loading=\"lazy\" decoding=\"async\" class=\"alignnone wp-image-5173 size-full\" src=\"http:\/\/www.robertharding.com\/blog\/wp-content\/uploads\/2015\/02\/817-242245.jpg\" alt=\"Procesion de Las Turbas, Semana Santa, Cuenca, La Mancha, Castille, Spain\" width=\"480\" height=\"322\" srcset=\"https:\/\/www.robertharding.com\/blog\/wp-content\/uploads\/2015\/02\/817-242245.jpg 480w, https:\/\/www.robertharding.com\/blog\/wp-content\/uploads\/2015\/02\/817-242245-365x245.jpg 365w\" sizes=\"auto, (max-width: 480px) 100vw, 480px\" \/><\/a><\/p>\n<p><strong>Feria de Abril, Seville, April<\/strong><\/p>\n<p>Held two weeks after Semana Santa,\u00a0the Feria de Abril (Seville Fair)\u00a0fills this beautiful Andalucian town with\u00a0music, dancing &#8211; Seville is one of Spain&#8217;s flamenco capitals\u00a0&#8211; and spectacular horse parades. The fair<span class=\"Apple-style-span\">\u00a0is an opportunity for locals to dress in their best costumes and to be seen out on the wonderfully decorated streets. During the day horse parades centre around the bullring, while\u00a0evenings see people partying in marquees,\u00a0drinking sherry and eating\u00a0plentiful\u00a0tapas.<\/span><\/p>\n<p>April Fair, Couple in a traditional costumes on a horse, Sevilla (Felix Gonzalez\/Robert Harding)<\/p>\n<p><a href=\"http:\/\/www.robertharding.com\/results.php?Search=spain festival\"><img loading=\"lazy\" decoding=\"async\" class=\"alignnone wp-image-5077 size-full\" src=\"http:\/\/www.robertharding.com\/blog\/wp-content\/uploads\/2015\/01\/817-4075551.jpg\" alt=\"April Fair, Couple in a traditional costumes on a horse, Sevilla, Spain\" width=\"480\" height=\"320\" srcset=\"https:\/\/www.robertharding.com\/blog\/wp-content\/uploads\/2015\/01\/817-4075551.jpg 480w, https:\/\/www.robertharding.com\/blog\/wp-content\/uploads\/2015\/01\/817-4075551-368x245.jpg 368w\" sizes=\"auto, (max-width: 480px) 100vw, 480px\" \/><\/a><\/p>\n<p>Feria of Sevilla, Andalusia, Spain (Bruno Morandi\/Robert Harding)<\/p>\n<p><a href=\"http:\/\/www.robertharding.com\/results.php?Search=spain festival\"><img loading=\"lazy\" decoding=\"async\" class=\"alignnone wp-image-5070 size-full\" src=\"http:\/\/www.robertharding.com\/blog\/wp-content\/uploads\/2015\/01\/817-96209.jpg\" alt=\"Feria of Sevilla, Andalusia, Spain\" width=\"480\" height=\"316\" srcset=\"https:\/\/www.robertharding.com\/blog\/wp-content\/uploads\/2015\/01\/817-96209.jpg 480w, https:\/\/www.robertharding.com\/blog\/wp-content\/uploads\/2015\/01\/817-96209-372x245.jpg 372w\" sizes=\"auto, (max-width: 480px) 100vw, 480px\" \/><\/a><\/p>\n<p>Couple on a horse, Feria de Abril, Sevilla, Andalusia, Spain (Juergen Richter\/Robert Harding)<\/p>\n<p><a href=\"http:\/\/www.robertharding.com\/results.php?Search=spain festival\"><img loading=\"lazy\" decoding=\"async\" class=\"alignnone wp-image-5087 size-full\" src=\"http:\/\/www.robertharding.com\/blog\/wp-content\/uploads\/2015\/01\/1113-68765.jpg\" alt=\"Couple on a horse, Feria de Abril, Sevilla, Andalusia, Spain\" width=\"480\" height=\"318\" srcset=\"https:\/\/www.robertharding.com\/blog\/wp-content\/uploads\/2015\/01\/1113-68765.jpg 480w, https:\/\/www.robertharding.com\/blog\/wp-content\/uploads\/2015\/01\/1113-68765-370x245.jpg 370w\" sizes=\"auto, (max-width: 480px) 100vw, 480px\" \/><\/a><\/p>\n<p><strong>Moros y Cristianos, Valencia, April\u00a0<\/strong><\/p>\n<p>Battles between Moors and Christians are reenacted each year\u00a0in Valencia to celebrate the <em>Reconquista<\/em>, the struggle\u00a0that took place from the 8th to the 15th century, ending in Christian victory after 700 years of Moorish rule. Troupes take to the street dressed up in medieval inspired costumes against a backdrop of fireworks,\u00a0music and gunshots. The festival&#8217;s climax is a final battle, won by the Christians, that is fought around a castle. The\u00a0most spectacular Moors and Christians festival takes place in the old town of Alcoy, Alicante.<\/p>\n<p>Moros y Cristianos local festival, Alcoy, Alicante province (Jose Fuste Raga\/Robert Harding)<\/p>\n<p><a href=\"http:\/\/www.robertharding.com\/results.php?Search=spain festival\"><img loading=\"lazy\" decoding=\"async\" class=\"alignnone wp-image-5180 size-full\" src=\"http:\/\/www.robertharding.com\/blog\/wp-content\/uploads\/2015\/02\/817-17664.jpg\" alt=\"A24-130576\" width=\"480\" height=\"390\" srcset=\"https:\/\/www.robertharding.com\/blog\/wp-content\/uploads\/2015\/02\/817-17664.jpg 480w, https:\/\/www.robertharding.com\/blog\/wp-content\/uploads\/2015\/02\/817-17664-302x245.jpg 302w, https:\/\/www.robertharding.com\/blog\/wp-content\/uploads\/2015\/02\/817-17664-418x340.jpg 418w\" sizes=\"auto, (max-width: 480px) 100vw, 480px\" \/><\/a><\/p>\n<p>Battle reenactments, Majorca, Balearic Islands (Jaume Gual\/Robert Harding)<\/p>\n<p><a href=\"http:\/\/www.robertharding.com\/results.php?Search=spain festival\"><img loading=\"lazy\" decoding=\"async\" class=\"alignnone wp-image-5181 size-full\" src=\"http:\/\/www.robertharding.com\/blog\/wp-content\/uploads\/2015\/02\/817-64714.jpg\" alt=\"Es Firo, Soller (celebration of Moros i Cristians), Majorca, Balearic Islands, Spain\" width=\"480\" height=\"320\" srcset=\"https:\/\/www.robertharding.com\/blog\/wp-content\/uploads\/2015\/02\/817-64714.jpg 480w, https:\/\/www.robertharding.com\/blog\/wp-content\/uploads\/2015\/02\/817-64714-368x245.jpg 368w\" sizes=\"auto, (max-width: 480px) 100vw, 480px\" \/><\/a><\/p>\n<p>Men dressed in elaborate costumes, loosely representing North African tribes, the Moors, smoke cigars while marching in a parade during the Festival of Moors and Christians in the old town of Alcoy, Alicante Province (Beth Wald\/Robert Harding)<\/p>\n<p><a href=\"http:\/\/www.robertharding.com\/results.php?Search=spain festival\"><img loading=\"lazy\" decoding=\"async\" class=\"alignnone wp-image-5182 size-full\" src=\"http:\/\/www.robertharding.com\/blog\/wp-content\/uploads\/2015\/02\/857-55813.jpg\" alt=\"Men dressed in elaborate costumes, loosely representing North African tribes, the Moors, smoke cigars while marching in a parade during the Festival of Moors and Christians, (La Fiesta de Moros y Cristianos) in the old town of Alcoy, Alicante Province.\" width=\"480\" height=\"319\" srcset=\"https:\/\/www.robertharding.com\/blog\/wp-content\/uploads\/2015\/02\/857-55813.jpg 480w, https:\/\/www.robertharding.com\/blog\/wp-content\/uploads\/2015\/02\/857-55813-369x245.jpg 369w\" sizes=\"auto, (max-width: 480px) 100vw, 480px\" \/><\/a><\/p>\n<p><strong>Romer\u00eda de Roc\u00edo, El Roc\u00edo, May<\/strong><\/p>\n<p>The Romer\u00eda de Roc\u00edo is Spain\u2019s largest and most spectacular pilgrimage,\u00a0dating back to 1653. More than a million\u00a0pilgrims walk or ride horses through the beautiful countryside of the Do\u00f1ana National Park to the village of El Roc\u00edo\u00a0in Almonte, Andalusia, during Pentecost. There they pay tribute to the Virgin of El Roc\u00edo, whose effigy is carried around the town as\u00a0crowds of passionate followers fight for the privilege of carrying\u00a0it.<\/p>\n<p>Romeria (pilgrimage) to El Rocio, Quema River, Huelva province, Andalusia (Jose Fuste Raga\/Robert Harding)<\/p>\n<p><a href=\"http:\/\/www.robertharding.com\/results.php?Search=spain festival\"><img loading=\"lazy\" decoding=\"async\" class=\"alignnone wp-image-5066 size-full\" src=\"http:\/\/www.robertharding.com\/blog\/wp-content\/uploads\/2015\/01\/817-4661.jpg\" alt=\"A24-150038\" width=\"480\" height=\"392\" srcset=\"https:\/\/www.robertharding.com\/blog\/wp-content\/uploads\/2015\/01\/817-4661.jpg 480w, https:\/\/www.robertharding.com\/blog\/wp-content\/uploads\/2015\/01\/817-4661-300x245.jpg 300w, https:\/\/www.robertharding.com\/blog\/wp-content\/uploads\/2015\/01\/817-4661-416x340.jpg 416w\" sizes=\"auto, (max-width: 480px) 100vw, 480px\" \/><\/a><\/p>\n<p>Journey through Donana National Park to El Rocio, Huelva province, Andalusia (Thomas Dressler\/Robert Harding)<\/p>\n<p><a href=\"http:\/\/www.robertharding.com\/results.php?Search=spain festival\"><img loading=\"lazy\" decoding=\"async\" class=\"alignnone wp-image-5069 size-full\" src=\"http:\/\/www.robertharding.com\/blog\/wp-content\/uploads\/2015\/01\/817-34526.jpg\" alt=\"C43-218905\" width=\"480\" height=\"310\" srcset=\"https:\/\/www.robertharding.com\/blog\/wp-content\/uploads\/2015\/01\/817-34526.jpg 480w, https:\/\/www.robertharding.com\/blog\/wp-content\/uploads\/2015\/01\/817-34526-379x245.jpg 379w\" sizes=\"auto, (max-width: 480px) 100vw, 480px\" \/><\/a><\/p>\n<p>Procession, &#8216;romeria&#8217; (pilgrimage) to El Rocio, Almonte, Huelva province, Andalucia (Jose Antonio Moreno\/Robert Harding)<\/p>\n<p><a href=\"http:\/\/www.robertharding.com\/results.php?Search=spain festival\"><img loading=\"lazy\" decoding=\"async\" class=\"alignnone wp-image-5072 size-full\" src=\"http:\/\/www.robertharding.com\/blog\/wp-content\/uploads\/2015\/01\/817-168141.jpg\" alt=\"N32-691764\" width=\"480\" height=\"318\" srcset=\"https:\/\/www.robertharding.com\/blog\/wp-content\/uploads\/2015\/01\/817-168141.jpg 480w, https:\/\/www.robertharding.com\/blog\/wp-content\/uploads\/2015\/01\/817-168141-370x245.jpg 370w\" sizes=\"auto, (max-width: 480px) 100vw, 480px\" \/><\/a><\/p>\n<p>Pilgrims at El Rocio, Almonte, Huelva province, Andalucia (Lucas Vallecillos\/Robert Harding)<\/p>\n<p><a href=\"http:\/\/www.robertharding.com\/results.php?Search=spain festival\"><img loading=\"lazy\" decoding=\"async\" class=\"alignnone wp-image-5074 size-full\" src=\"http:\/\/www.robertharding.com\/blog\/wp-content\/uploads\/2015\/01\/817-371637.jpg\" alt=\"El Rocio Romeria pilgrimage ,&#96;Romeros\u00ac\u00a5Pilgrims at El Rocio, Almonte, Huelva province, Andalucia, Spain,\" width=\"480\" height=\"314\" srcset=\"https:\/\/www.robertharding.com\/blog\/wp-content\/uploads\/2015\/01\/817-371637.jpg 480w, https:\/\/www.robertharding.com\/blog\/wp-content\/uploads\/2015\/01\/817-371637-375x245.jpg 375w\" sizes=\"auto, (max-width: 480px) 100vw, 480px\" \/><\/a><\/p>\n<p><strong>Tomatina, Bunyol, near Valencia, June<\/strong><\/p>\n<p>The world\u2019s biggest food fight takes place in the Spanish town of Bu\u00f1ol every August. More than a hundred tons of over-the-hill tomatoes, transported into the town by lorries, are thrown in the streets by 20,000 people, creating a riot of colour that ends up in a\u00a0sludgy\u00a0mess.<\/p>\n<p>Tomatina Festival, Bunol City,\u00a0Valencia Region (Jose Fuste Raga\/Robert Harding)<\/p>\n<p><a href=\"http:\/\/www.robertharding.com\/results.php?Search=spain festival\"><img loading=\"lazy\" decoding=\"async\" class=\"alignnone wp-image-5068 size-full\" src=\"http:\/\/www.robertharding.com\/blog\/wp-content\/uploads\/2015\/01\/817-20083.jpg\" alt=\"Spain, Valencia Region, Bunol City, Tomatina Festival (Tomato festival)\" width=\"480\" height=\"319\" srcset=\"https:\/\/www.robertharding.com\/blog\/wp-content\/uploads\/2015\/01\/817-20083.jpg 480w, https:\/\/www.robertharding.com\/blog\/wp-content\/uploads\/2015\/01\/817-20083-369x245.jpg 369w\" sizes=\"auto, (max-width: 480px) 100vw, 480px\" \/><\/a><\/p>\n<p>A couple kissing at the Tomatina Festival, Valencia (Crackphotos\/Robert Harding)<\/p>\n<p><a href=\"http:\/\/www.robertharding.com\/results.php?Search=spain festival\"><img loading=\"lazy\" decoding=\"async\" class=\"alignnone wp-image-5091 size-full\" src=\"http:\/\/www.robertharding.com\/blog\/wp-content\/uploads\/2015\/01\/817-148124.jpg\" alt=\"L55-367204\" width=\"480\" height=\"389\" srcset=\"https:\/\/www.robertharding.com\/blog\/wp-content\/uploads\/2015\/01\/817-148124.jpg 480w, https:\/\/www.robertharding.com\/blog\/wp-content\/uploads\/2015\/01\/817-148124-302x245.jpg 302w, https:\/\/www.robertharding.com\/blog\/wp-content\/uploads\/2015\/01\/817-148124-420x340.jpg 420w\" sizes=\"auto, (max-width: 480px) 100vw, 480px\" \/><\/a><\/p>\n<p>Tomatina Festival,\u00a0Bunol City,\u00a0Valencia Region (Jose Fuste Raga\/Robert Harding)<\/p>\n<p><a href=\"http:\/\/www.robertharding.com\/results.php?Search=spain festival\"><img loading=\"lazy\" decoding=\"async\" class=\"alignnone wp-image-5089 size-full\" src=\"http:\/\/www.robertharding.com\/blog\/wp-content\/uploads\/2015\/01\/817-20081.jpg\" alt=\"Spain, Valencia Region, Bunol City, Tomatina Festival (Tomato festival)\" width=\"480\" height=\"319\" srcset=\"https:\/\/www.robertharding.com\/blog\/wp-content\/uploads\/2015\/01\/817-20081.jpg 480w, https:\/\/www.robertharding.com\/blog\/wp-content\/uploads\/2015\/01\/817-20081-369x245.jpg 369w\" sizes=\"auto, (max-width: 480px) 100vw, 480px\" \/><\/a><\/p>\n<p>Revellers swimming in tomatoes, Tomatina, Valencia (Bjorn Svensson\/Robert Harding)<\/p>\n<p><a href=\"http:\/\/www.robertharding.com\/results.php?Search=spain festival\"><img loading=\"lazy\" decoding=\"async\" class=\"alignnone wp-image-5090 size-full\" src=\"http:\/\/www.robertharding.com\/blog\/wp-content\/uploads\/2015\/01\/817-132424.jpg\" alt=\"K88-375214\" width=\"480\" height=\"317\" srcset=\"https:\/\/www.robertharding.com\/blog\/wp-content\/uploads\/2015\/01\/817-132424.jpg 480w, https:\/\/www.robertharding.com\/blog\/wp-content\/uploads\/2015\/01\/817-132424-371x245.jpg 371w\" sizes=\"auto, (max-width: 480px) 100vw, 480px\" \/><\/a><\/p>\n<p><strong>San Fermin (Running of the Bulls), Pamplona, July<\/strong><\/p>\n<p>Attracting over a million people each year, the San Fermin festival&#8217;s most renowned event is the <em>encierro<\/em>, or running of the bulls, in which a bull is let loose in the streets\u00a0every morning for a week. Hundreds of people run in front of the bulls\u00a0down a narrow\u00a0street in a section of the old town of Pamplona, ending in the Pamplona bullring. While this may be only for the brave, there are many other events\u00a0to enjoy, such as\u00a0parades, local sports and fireworks displays.<\/p>\n<p>Running of the bulls (Encierro), San Fermin festival, Pamplona (Marco Cristofori\/Robert Harding)<\/p>\n<p><a href=\"http:\/\/www.robertharding.com\/results.php?Search=spain festival\"><img loading=\"lazy\" decoding=\"async\" class=\"alignnone wp-image-5176 size-full\" src=\"http:\/\/www.robertharding.com\/blog\/wp-content\/uploads\/2015\/02\/793-373.jpg\" alt=\"Running of the bulls (Encierro), San Fermin festival, Pamplona, Navarra, Spain, Europe\" width=\"480\" height=\"321\" srcset=\"https:\/\/www.robertharding.com\/blog\/wp-content\/uploads\/2015\/02\/793-373.jpg 480w, https:\/\/www.robertharding.com\/blog\/wp-content\/uploads\/2015\/02\/793-373-366x245.jpg 366w\" sizes=\"auto, (max-width: 480px) 100vw, 480px\" \/><\/a><\/p>\n<p>Street party, people waiting for the &#8216;Chupinazo&#8217;, the opening ceremony of the San Fermin Festival, Pamplona (Bjorn Svensson\/Robert Harding)<\/p>\n<p><a href=\"http:\/\/www.robertharding.com\/results.php?Search=spain festival\"><img loading=\"lazy\" decoding=\"async\" class=\"alignnone wp-image-5178 size-full\" src=\"http:\/\/www.robertharding.com\/blog\/wp-content\/uploads\/2015\/02\/817-132431.jpg\" alt=\"K88-375229\" width=\"480\" height=\"317\" srcset=\"https:\/\/www.robertharding.com\/blog\/wp-content\/uploads\/2015\/02\/817-132431.jpg 480w, https:\/\/www.robertharding.com\/blog\/wp-content\/uploads\/2015\/02\/817-132431-371x245.jpg 371w\" sizes=\"auto, (max-width: 480px) 100vw, 480px\" \/><\/a><\/p>\n<p>Bull fighting, San Fermin festival, Plaza de Toros, Pamplona\u00a0(Marco Cristofori\/Robert Harding)<\/p>\n<p><a href=\"http:\/\/www.robertharding.com\/results.php?Search=spain festival\"><img loading=\"lazy\" decoding=\"async\" class=\"alignnone wp-image-5177 size-full\" src=\"http:\/\/www.robertharding.com\/blog\/wp-content\/uploads\/2015\/02\/793-375.jpg\" alt=\"Bull fighting, San Fermin festival, Plaza de Toros, Pamplona, Navarra, Spain, Europe\" width=\"480\" height=\"321\" srcset=\"https:\/\/www.robertharding.com\/blog\/wp-content\/uploads\/2015\/02\/793-375.jpg 480w, https:\/\/www.robertharding.com\/blog\/wp-content\/uploads\/2015\/02\/793-375-366x245.jpg 366w\" sizes=\"auto, (max-width: 480px) 100vw, 480px\" \/><\/a><\/p>\n<p>Fountain jumping during San Fermin Festival, Navarreria fountain, Pamplona (Gonzalo Azumendi\/Robert Harding)<\/p>\n<p><a href=\"http:\/\/www.robertharding.com\/results.php?Search=spain festival\"><img loading=\"lazy\" decoding=\"async\" class=\"alignnone wp-image-5067 size-full\" src=\"http:\/\/www.robertharding.com\/blog\/wp-content\/uploads\/2015\/01\/817-16378.jpg\" alt=\"Fountain jumping during San Fermin Festival, Navarreria fountain (aka Santa Cecilia fountain), Pamplona, Navarre, Spain\" width=\"480\" height=\"319\" srcset=\"https:\/\/www.robertharding.com\/blog\/wp-content\/uploads\/2015\/01\/817-16378.jpg 480w, https:\/\/www.robertharding.com\/blog\/wp-content\/uploads\/2015\/01\/817-16378-369x245.jpg 369w\" sizes=\"auto, (max-width: 480px) 100vw, 480px\" \/><\/a><\/p>\n<p>Crowds during the opening ceremony (chupinazo) of the festival of San Fermin (The Running of the Bulls), Pamplona (Eric Nathan\/Robert Harding)<\/p>\n<p><a href=\"http:\/\/www.robertharding.com\/results.php?Search=spain festival\"><img loading=\"lazy\" decoding=\"async\" class=\"alignnone wp-image-5179 size-full\" src=\"http:\/\/www.robertharding.com\/blog\/wp-content\/uploads\/2015\/02\/829-1298.jpg\" alt=\"Crowds during the opening ceremony (chupinazo) of the festival of San Fermin (The Running of the Bulls), Pamplona, Navarra, Euskadi, Spain, Europe\" width=\"480\" height=\"321\" srcset=\"https:\/\/www.robertharding.com\/blog\/wp-content\/uploads\/2015\/02\/829-1298.jpg 480w, https:\/\/www.robertharding.com\/blog\/wp-content\/uploads\/2015\/02\/829-1298-366x245.jpg 366w\" sizes=\"auto, (max-width: 480px) 100vw, 480px\" \/><\/a><\/p>\n<p><strong>Festes de la merce, Barcelona, September<\/strong><\/p>\n<p>Barcelona\u2019s spectacular La Merc\u00e8 Festival \u2013 the city\u2019s largest street party \u2013 kicks off towards the end of September. Held in\u00a0honour of the Patron Saint of Barcelona, the festival bids goodbye to the summer in charismatic style and welcomes in the autumn with precarious human towers, parades of giants and fire breathing dragons.<\/p>\n<p>Minyons de Terrassa building human tower, Placa de Sant Jaume, Barcelona (Lucas Vallecillos\/Robert Harding)<\/p>\n<p><a href=\"http:\/\/www.robertharding.com\/results.php?Search=spain festival\"><img loading=\"lazy\" decoding=\"async\" class=\"alignnone wp-image-5185 size-full\" src=\"http:\/\/www.robertharding.com\/blog\/wp-content\/uploads\/2015\/02\/817-384980.jpg\" alt=\"Minyons de Terrassa \u00ac\u00a5Castellers\u00ac\u00a5 building human tower, a Catalan tradition Festa de la Merce, city festival  Placa de Sant Jaume Barcelona, Spain\" width=\"480\" height=\"320\" srcset=\"https:\/\/www.robertharding.com\/blog\/wp-content\/uploads\/2015\/02\/817-384980.jpg 480w, https:\/\/www.robertharding.com\/blog\/wp-content\/uploads\/2015\/02\/817-384980-368x245.jpg 368w\" sizes=\"auto, (max-width: 480px) 100vw, 480px\" \/><\/a><\/p>\n<p>Castellers de Barcelona building a human tower\u00a0(Lucas Vallecillos\/Robert Harding)<\/p>\n<p><a href=\"http:\/\/www.robertharding.com\/results.php?Search=spain festival\"><img loading=\"lazy\" decoding=\"async\" class=\"alignnone wp-image-5184 size-full\" src=\"http:\/\/www.robertharding.com\/blog\/wp-content\/uploads\/2015\/02\/817-320019.jpg\" alt=\"Castellers de Barcelona 'Castellers' building human tower, a Catalan tradition Festa de la Merce, city festival Placa de Sant Jaume Barcelona, Spain\" width=\"311\" height=\"480\" srcset=\"https:\/\/www.robertharding.com\/blog\/wp-content\/uploads\/2015\/02\/817-320019.jpg 311w, https:\/\/www.robertharding.com\/blog\/wp-content\/uploads\/2015\/02\/817-320019-159x245.jpg 159w, https:\/\/www.robertharding.com\/blog\/wp-content\/uploads\/2015\/02\/817-320019-220x340.jpg 220w\" sizes=\"auto, (max-width: 311px) 100vw, 311px\" \/><\/a><\/p>\n<p>Giant&#8217;s parade, Festa de la Merce, city festival, September, La Rambla, Barcelona (Juergen Richter\/Robert Harding)<\/p>\n<p><a href=\"http:\/\/www.robertharding.com\/results.php?Search=spain festival\"><img loading=\"lazy\" decoding=\"async\" class=\"alignnone wp-image-5088 size-full\" src=\"http:\/\/www.robertharding.com\/blog\/wp-content\/uploads\/2015\/01\/1113-87568.jpg\" alt=\"giants parade, Festa de la Merce, city festival, September, La Rambla, Ciutat Vella, Barcelona, Spain\" width=\"480\" height=\"320\" srcset=\"https:\/\/www.robertharding.com\/blog\/wp-content\/uploads\/2015\/01\/1113-87568.jpg 480w, https:\/\/www.robertharding.com\/blog\/wp-content\/uploads\/2015\/01\/1113-87568-368x245.jpg 368w\" sizes=\"auto, (max-width: 480px) 100vw, 480px\" \/><\/a><\/p>\n<p>Fireworks at Barceloneta beach during La Merce Festival, Barcelona\u00a0(Lucas Vallecillos\/Robert Harding)<\/p>\n<p><a href=\"http:\/\/www.robertharding.com\/results.php?Search=spain festival\"><img loading=\"lazy\" decoding=\"async\" class=\"alignnone wp-image-5081 size-full\" src=\"http:\/\/www.robertharding.com\/blog\/wp-content\/uploads\/2015\/01\/817-436886.jpg\" alt=\"Fireworks at Barceloneta beach during La Merce Festival, Barcelona Catalonia Spain\" width=\"480\" height=\"320\" srcset=\"https:\/\/www.robertharding.com\/blog\/wp-content\/uploads\/2015\/01\/817-436886.jpg 480w, https:\/\/www.robertharding.com\/blog\/wp-content\/uploads\/2015\/01\/817-436886-368x245.jpg 368w\" sizes=\"auto, (max-width: 480px) 100vw, 480px\" \/><\/a><\/p>\n<p>&#8216;Correfoc&#8217;, a typical catalan celebration in which dragons and devils armed with fireworks dance through the streets In Via Laietana during La Merce Festival, Barcelona\u00a0(Lucas Vallecillos\/Robert Harding)<\/p>\n<p><a href=\"http:\/\/www.robertharding.com\/results.php?Search=spain festival\"><img loading=\"lazy\" decoding=\"async\" class=\"alignnone wp-image-5080 size-full\" src=\"http:\/\/www.robertharding.com\/blog\/wp-content\/uploads\/2015\/01\/817-436885.jpg\" alt=\"&#96;Correfoc', typical catalan celebration in which dragons and devils armed with fireworks dance through the streets In Via Laietana during La Merce Festival Barcelona Catalonia Spain\" width=\"480\" height=\"320\" srcset=\"https:\/\/www.robertharding.com\/blog\/wp-content\/uploads\/2015\/01\/817-436885.jpg 480w, https:\/\/www.robertharding.com\/blog\/wp-content\/uploads\/2015\/01\/817-436885-368x245.jpg 368w\" sizes=\"auto, (max-width: 480px) 100vw, 480px\" \/><\/a><\/p>\n<p>See more images of Spain&#8217;s festivals <a href=\"http:\/\/www.robertharding.com\/results.php?Search=spain%20festival\" target=\"_blank\">here<\/a><\/p>\n","protected":false},"excerpt":{"rendered":"<p>Spain is the world&#8217;s best festival destination\u00a0with every town in the country holding its own unique street party. Whether centring around extravagant parades,\u00a0feats of bravery,\u00a0fireworks [&hellip;]<\/p>\n","protected":false},"author":3,"featured_media":5091,"comment_status":"open","ping_status":"closed","sticky":false,"template":"","format":"standard","meta":{"_vp_format_video_url":"","_vp_image_focal_point":[],"footnotes":""},"categories":[5],"tags":[97,372,373,600,640,688,885,899,916,948,954,992,1017,1065,1109],"class_list":["post-5049","post","type-post","status-publish","format-standard","has-post-thumbnail","hentry","category-culture","tag-barcelona","tag-festes-de-la-merce","tag-festival","tag-las-fallas","tag-malaga","tag-moors-and-christians","tag-rocio","tag-running-of-the-bulls","tag-san-fermin","tag-semana-santa","tag-seville","tag-spain","tag-street-party","tag-tomatina","tag-valencia"],"yoast_head":"<!-- This site is optimized with the Yoast SEO plugin v27.4 - https:\/\/yoast.com\/product\/yoast-seo-wordpress\/ -->\n<title>Spain&#039;s best festivals - robertharding<\/title>\n<meta name=\"robots\" content=\"index, follow, max-snippet:-1, max-image-preview:large, max-video-preview:-1\" \/>\n<link rel=\"canonical\" href=\"https:\/\/www.robertharding.com\/blog\/2015\/02\/06\/spains-best-festivals\/\" \/>\n<meta property=\"og:locale\" content=\"en_US\" \/>\n<meta property=\"og:type\" content=\"article\" \/>\n<meta property=\"og:title\" content=\"Spain&#039;s best festivals - robertharding\" \/>\n<meta property=\"og:description\" content=\"Spain is the world&#8217;s best festival destination\u00a0with every town in the country holding its own unique street party. Whether centring around extravagant parades,\u00a0feats of bravery,\u00a0fireworks [&hellip;]\" \/>\n<meta property=\"og:url\" content=\"https:\/\/www.robertharding.com\/blog\/2015\/02\/06\/spains-best-festivals\/\" \/>\n<meta property=\"og:site_name\" content=\"robertharding\" \/>\n<meta property=\"article:published_time\" content=\"2015-02-06T11:00:22+00:00\" \/>\n<meta property=\"article:modified_time\" content=\"2015-04-02T15:42:16+00:00\" \/>\n<meta property=\"og:image\" content=\"https:\/\/www.robertharding.com\/blog\/wp-content\/uploads\/2015\/01\/817-148124.jpg\" \/>\n\t<meta property=\"og:image:width\" content=\"480\" \/>\n\t<meta property=\"og:image:height\" content=\"389\" \/>\n\t<meta property=\"og:image:type\" content=\"image\/jpeg\" \/>\n<meta name=\"author\" content=\"Robert Harding\" \/>\n<meta name=\"twitter:card\" content=\"summary_large_image\" \/>\n<meta name=\"twitter:label1\" content=\"Written by\" \/>\n\t<meta name=\"twitter:data1\" content=\"Robert Harding\" \/>\n\t<meta name=\"twitter:label2\" content=\"Est. reading time\" \/>\n\t<meta name=\"twitter:data2\" content=\"6 minutes\" \/>\n<script type=\"application\/ld+json\" class=\"yoast-schema-graph\">{\"@context\":\"https:\\\/\\\/schema.org\",\"@graph\":[{\"@type\":\"Article\",\"@id\":\"https:\\\/\\\/www.robertharding.com\\\/blog\\\/2015\\\/02\\\/06\\\/spains-best-festivals\\\/#article\",\"isPartOf\":{\"@id\":\"https:\\\/\\\/www.robertharding.com\\\/blog\\\/2015\\\/02\\\/06\\\/spains-best-festivals\\\/\"},\"author\":{\"name\":\"Robert Harding\",\"@id\":\"https:\\\/\\\/www.robertharding.com\\\/blog\\\/#\\\/schema\\\/person\\\/86a0ae1b852e075547a13ff5453836b1\"},\"headline\":\"Spain&#8217;s best festivals\",\"datePublished\":\"2015-02-06T11:00:22+00:00\",\"dateModified\":\"2015-04-02T15:42:16+00:00\",\"mainEntityOfPage\":{\"@id\":\"https:\\\/\\\/www.robertharding.com\\\/blog\\\/2015\\\/02\\\/06\\\/spains-best-festivals\\\/\"},\"wordCount\":1119,\"commentCount\":0,\"publisher\":{\"@id\":\"https:\\\/\\\/www.robertharding.com\\\/blog\\\/#organization\"},\"image\":{\"@id\":\"https:\\\/\\\/www.robertharding.com\\\/blog\\\/2015\\\/02\\\/06\\\/spains-best-festivals\\\/#primaryimage\"},\"thumbnailUrl\":\"https:\\\/\\\/www.robertharding.com\\\/blog\\\/wp-content\\\/uploads\\\/2015\\\/01\\\/817-148124.jpg\",\"keywords\":[\"Barcelona\",\"Festes de la Merce\",\"Festival\",\"Las Fallas\",\"Malaga\",\"Moors and Christians\",\"Rocio\",\"Running of the bulls\",\"San Fermin\",\"Semana Santa\",\"Seville\",\"spain\",\"Street party\",\"Tomatina\",\"Valencia\"],\"articleSection\":[\"Culture\"],\"inLanguage\":\"en-US\",\"potentialAction\":[{\"@type\":\"CommentAction\",\"name\":\"Comment\",\"target\":[\"https:\\\/\\\/www.robertharding.com\\\/blog\\\/2015\\\/02\\\/06\\\/spains-best-festivals\\\/#respond\"]}]},{\"@type\":\"WebPage\",\"@id\":\"https:\\\/\\\/www.robertharding.com\\\/blog\\\/2015\\\/02\\\/06\\\/spains-best-festivals\\\/\",\"url\":\"https:\\\/\\\/www.robertharding.com\\\/blog\\\/2015\\\/02\\\/06\\\/spains-best-festivals\\\/\",\"name\":\"Spain's best festivals - robertharding\",\"isPartOf\":{\"@id\":\"https:\\\/\\\/www.robertharding.com\\\/blog\\\/#website\"},\"primaryImageOfPage\":{\"@id\":\"https:\\\/\\\/www.robertharding.com\\\/blog\\\/2015\\\/02\\\/06\\\/spains-best-festivals\\\/#primaryimage\"},\"image\":{\"@id\":\"https:\\\/\\\/www.robertharding.com\\\/blog\\\/2015\\\/02\\\/06\\\/spains-best-festivals\\\/#primaryimage\"},\"thumbnailUrl\":\"https:\\\/\\\/www.robertharding.com\\\/blog\\\/wp-content\\\/uploads\\\/2015\\\/01\\\/817-148124.jpg\",\"datePublished\":\"2015-02-06T11:00:22+00:00\",\"dateModified\":\"2015-04-02T15:42:16+00:00\",\"breadcrumb\":{\"@id\":\"https:\\\/\\\/www.robertharding.com\\\/blog\\\/2015\\\/02\\\/06\\\/spains-best-festivals\\\/#breadcrumb\"},\"inLanguage\":\"en-US\",\"potentialAction\":[{\"@type\":\"ReadAction\",\"target\":[\"https:\\\/\\\/www.robertharding.com\\\/blog\\\/2015\\\/02\\\/06\\\/spains-best-festivals\\\/\"]}]},{\"@type\":\"ImageObject\",\"inLanguage\":\"en-US\",\"@id\":\"https:\\\/\\\/www.robertharding.com\\\/blog\\\/2015\\\/02\\\/06\\\/spains-best-festivals\\\/#primaryimage\",\"url\":\"https:\\\/\\\/www.robertharding.com\\\/blog\\\/wp-content\\\/uploads\\\/2015\\\/01\\\/817-148124.jpg\",\"contentUrl\":\"https:\\\/\\\/www.robertharding.com\\\/blog\\\/wp-content\\\/uploads\\\/2015\\\/01\\\/817-148124.jpg\",\"width\":480,\"height\":389},{\"@type\":\"BreadcrumbList\",\"@id\":\"https:\\\/\\\/www.robertharding.com\\\/blog\\\/2015\\\/02\\\/06\\\/spains-best-festivals\\\/#breadcrumb\",\"itemListElement\":[{\"@type\":\"ListItem\",\"position\":1,\"name\":\"Home\",\"item\":\"https:\\\/\\\/www.robertharding.com\\\/blog\\\/\"},{\"@type\":\"ListItem\",\"position\":2,\"name\":\"Spain&#8217;s best festivals\"}]},{\"@type\":\"WebSite\",\"@id\":\"https:\\\/\\\/www.robertharding.com\\\/blog\\\/#website\",\"url\":\"https:\\\/\\\/www.robertharding.com\\\/blog\\\/\",\"name\":\"robertharding\",\"description\":\"Sharing adventures in travel and nature photography\",\"publisher\":{\"@id\":\"https:\\\/\\\/www.robertharding.com\\\/blog\\\/#organization\"},\"potentialAction\":[{\"@type\":\"SearchAction\",\"target\":{\"@type\":\"EntryPoint\",\"urlTemplate\":\"https:\\\/\\\/www.robertharding.com\\\/blog\\\/?s={search_term_string}\"},\"query-input\":{\"@type\":\"PropertyValueSpecification\",\"valueRequired\":true,\"valueName\":\"search_term_string\"}}],\"inLanguage\":\"en-US\"},{\"@type\":\"Organization\",\"@id\":\"https:\\\/\\\/www.robertharding.com\\\/blog\\\/#organization\",\"name\":\"Robert Harding Picture Library\",\"url\":\"https:\\\/\\\/www.robertharding.com\\\/blog\\\/\",\"logo\":{\"@type\":\"ImageObject\",\"inLanguage\":\"en-US\",\"@id\":\"https:\\\/\\\/www.robertharding.com\\\/blog\\\/#\\\/schema\\\/logo\\\/image\\\/\",\"url\":\"https:\\\/\\\/www.robertharding.com\\\/blog\\\/wp-content\\\/uploads\\\/2015\\\/03\\\/logo-green.png\",\"contentUrl\":\"https:\\\/\\\/www.robertharding.com\\\/blog\\\/wp-content\\\/uploads\\\/2015\\\/03\\\/logo-green.png\",\"width\":800,\"height\":134,\"caption\":\"Robert Harding Picture Library\"},\"image\":{\"@id\":\"https:\\\/\\\/www.robertharding.com\\\/blog\\\/#\\\/schema\\\/logo\\\/image\\\/\"}},{\"@type\":\"Person\",\"@id\":\"https:\\\/\\\/www.robertharding.com\\\/blog\\\/#\\\/schema\\\/person\\\/86a0ae1b852e075547a13ff5453836b1\",\"name\":\"Robert Harding\",\"image\":{\"@type\":\"ImageObject\",\"inLanguage\":\"en-US\",\"@id\":\"https:\\\/\\\/secure.gravatar.com\\\/avatar\\\/0f787f3c38e8193e3f6af1dac2667d87c6fc148526abd8ef24e41c3aaa4e3617?s=96&d=mm&r=g\",\"url\":\"https:\\\/\\\/secure.gravatar.com\\\/avatar\\\/0f787f3c38e8193e3f6af1dac2667d87c6fc148526abd8ef24e41c3aaa4e3617?s=96&d=mm&r=g\",\"contentUrl\":\"https:\\\/\\\/secure.gravatar.com\\\/avatar\\\/0f787f3c38e8193e3f6af1dac2667d87c6fc148526abd8ef24e41c3aaa4e3617?s=96&d=mm&r=g\",\"caption\":\"Robert Harding\"},\"description\":\"After founding the company in 1974, Robert Harding has grown robertharding.com into the world's largest online resource of travel, culture, nature and environment photography &amp; video and has over 1k professional photographers and videographers contributing to the agency.\",\"sameAs\":[\"http:\\\/\\\/www.robertharding.com\"],\"url\":\"https:\\\/\\\/www.robertharding.com\\\/blog\\\/author\\\/robert-harding\\\/\"}]}<\/script>\n<!-- \/ Yoast SEO plugin. -->","yoast_head_json":{"title":"Spain's best festivals - robertharding","robots":{"index":"index","follow":"follow","max-snippet":"max-snippet:-1","max-image-preview":"max-image-preview:large","max-video-preview":"max-video-preview:-1"},"canonical":"https:\/\/www.robertharding.com\/blog\/2015\/02\/06\/spains-best-festivals\/","og_locale":"en_US","og_type":"article","og_title":"Spain's best festivals - robertharding","og_description":"Spain is the world&#8217;s best festival destination\u00a0with every town in the country holding its own unique street party. Whether centring around extravagant parades,\u00a0feats of bravery,\u00a0fireworks [&hellip;]","og_url":"https:\/\/www.robertharding.com\/blog\/2015\/02\/06\/spains-best-festivals\/","og_site_name":"robertharding","article_published_time":"2015-02-06T11:00:22+00:00","article_modified_time":"2015-04-02T15:42:16+00:00","og_image":[{"width":480,"height":389,"url":"https:\/\/www.robertharding.com\/blog\/wp-content\/uploads\/2015\/01\/817-148124.jpg","type":"image\/jpeg"}],"author":"Robert Harding","twitter_card":"summary_large_image","twitter_misc":{"Written by":"Robert Harding","Est. reading time":"6 minutes"},"schema":{"@context":"https:\/\/schema.org","@graph":[{"@type":"Article","@id":"https:\/\/www.robertharding.com\/blog\/2015\/02\/06\/spains-best-festivals\/#article","isPartOf":{"@id":"https:\/\/www.robertharding.com\/blog\/2015\/02\/06\/spains-best-festivals\/"},"author":{"name":"Robert Harding","@id":"https:\/\/www.robertharding.com\/blog\/#\/schema\/person\/86a0ae1b852e075547a13ff5453836b1"},"headline":"Spain&#8217;s best festivals","datePublished":"2015-02-06T11:00:22+00:00","dateModified":"2015-04-02T15:42:16+00:00","mainEntityOfPage":{"@id":"https:\/\/www.robertharding.com\/blog\/2015\/02\/06\/spains-best-festivals\/"},"wordCount":1119,"commentCount":0,"publisher":{"@id":"https:\/\/www.robertharding.com\/blog\/#organization"},"image":{"@id":"https:\/\/www.robertharding.com\/blog\/2015\/02\/06\/spains-best-festivals\/#primaryimage"},"thumbnailUrl":"https:\/\/www.robertharding.com\/blog\/wp-content\/uploads\/2015\/01\/817-148124.jpg","keywords":["Barcelona","Festes de la Merce","Festival","Las Fallas","Malaga","Moors and Christians","Rocio","Running of the bulls","San Fermin","Semana Santa","Seville","spain","Street party","Tomatina","Valencia"],"articleSection":["Culture"],"inLanguage":"en-US","potentialAction":[{"@type":"CommentAction","name":"Comment","target":["https:\/\/www.robertharding.com\/blog\/2015\/02\/06\/spains-best-festivals\/#respond"]}]},{"@type":"WebPage","@id":"https:\/\/www.robertharding.com\/blog\/2015\/02\/06\/spains-best-festivals\/","url":"https:\/\/www.robertharding.com\/blog\/2015\/02\/06\/spains-best-festivals\/","name":"Spain's best festivals - robertharding","isPartOf":{"@id":"https:\/\/www.robertharding.com\/blog\/#website"},"primaryImageOfPage":{"@id":"https:\/\/www.robertharding.com\/blog\/2015\/02\/06\/spains-best-festivals\/#primaryimage"},"image":{"@id":"https:\/\/www.robertharding.com\/blog\/2015\/02\/06\/spains-best-festivals\/#primaryimage"},"thumbnailUrl":"https:\/\/www.robertharding.com\/blog\/wp-content\/uploads\/2015\/01\/817-148124.jpg","datePublished":"2015-02-06T11:00:22+00:00","dateModified":"2015-04-02T15:42:16+00:00","breadcrumb":{"@id":"https:\/\/www.robertharding.com\/blog\/2015\/02\/06\/spains-best-festivals\/#breadcrumb"},"inLanguage":"en-US","potentialAction":[{"@type":"ReadAction","target":["https:\/\/www.robertharding.com\/blog\/2015\/02\/06\/spains-best-festivals\/"]}]},{"@type":"ImageObject","inLanguage":"en-US","@id":"https:\/\/www.robertharding.com\/blog\/2015\/02\/06\/spains-best-festivals\/#primaryimage","url":"https:\/\/www.robertharding.com\/blog\/wp-content\/uploads\/2015\/01\/817-148124.jpg","contentUrl":"https:\/\/www.robertharding.com\/blog\/wp-content\/uploads\/2015\/01\/817-148124.jpg","width":480,"height":389},{"@type":"BreadcrumbList","@id":"https:\/\/www.robertharding.com\/blog\/2015\/02\/06\/spains-best-festivals\/#breadcrumb","itemListElement":[{"@type":"ListItem","position":1,"name":"Home","item":"https:\/\/www.robertharding.com\/blog\/"},{"@type":"ListItem","position":2,"name":"Spain&#8217;s best festivals"}]},{"@type":"WebSite","@id":"https:\/\/www.robertharding.com\/blog\/#website","url":"https:\/\/www.robertharding.com\/blog\/","name":"robertharding","description":"Sharing adventures in travel and nature photography","publisher":{"@id":"https:\/\/www.robertharding.com\/blog\/#organization"},"potentialAction":[{"@type":"SearchAction","target":{"@type":"EntryPoint","urlTemplate":"https:\/\/www.robertharding.com\/blog\/?s={search_term_string}"},"query-input":{"@type":"PropertyValueSpecification","valueRequired":true,"valueName":"search_term_string"}}],"inLanguage":"en-US"},{"@type":"Organization","@id":"https:\/\/www.robertharding.com\/blog\/#organization","name":"Robert Harding Picture Library","url":"https:\/\/www.robertharding.com\/blog\/","logo":{"@type":"ImageObject","inLanguage":"en-US","@id":"https:\/\/www.robertharding.com\/blog\/#\/schema\/logo\/image\/","url":"https:\/\/www.robertharding.com\/blog\/wp-content\/uploads\/2015\/03\/logo-green.png","contentUrl":"https:\/\/www.robertharding.com\/blog\/wp-content\/uploads\/2015\/03\/logo-green.png","width":800,"height":134,"caption":"Robert Harding Picture Library"},"image":{"@id":"https:\/\/www.robertharding.com\/blog\/#\/schema\/logo\/image\/"}},{"@type":"Person","@id":"https:\/\/www.robertharding.com\/blog\/#\/schema\/person\/86a0ae1b852e075547a13ff5453836b1","name":"Robert Harding","image":{"@type":"ImageObject","inLanguage":"en-US","@id":"https:\/\/secure.gravatar.com\/avatar\/0f787f3c38e8193e3f6af1dac2667d87c6fc148526abd8ef24e41c3aaa4e3617?s=96&d=mm&r=g","url":"https:\/\/secure.gravatar.com\/avatar\/0f787f3c38e8193e3f6af1dac2667d87c6fc148526abd8ef24e41c3aaa4e3617?s=96&d=mm&r=g","contentUrl":"https:\/\/secure.gravatar.com\/avatar\/0f787f3c38e8193e3f6af1dac2667d87c6fc148526abd8ef24e41c3aaa4e3617?s=96&d=mm&r=g","caption":"Robert Harding"},"description":"After founding the company in 1974, Robert Harding has grown robertharding.com into the world's largest online resource of travel, culture, nature and environment photography &amp; video and has over 1k professional photographers and videographers contributing to the agency.","sameAs":["http:\/\/www.robertharding.com"],"url":"https:\/\/www.robertharding.com\/blog\/author\/robert-harding\/"}]}},"_links":{"self":[{"href":"https:\/\/www.robertharding.com\/blog\/wp-json\/wp\/v2\/posts\/5049","targetHints":{"allow":["GET"]}}],"collection":[{"href":"https:\/\/www.robertharding.com\/blog\/wp-json\/wp\/v2\/posts"}],"about":[{"href":"https:\/\/www.robertharding.com\/blog\/wp-json\/wp\/v2\/types\/post"}],"author":[{"embeddable":true,"href":"https:\/\/www.robertharding.com\/blog\/wp-json\/wp\/v2\/users\/3"}],"replies":[{"embeddable":true,"href":"https:\/\/www.robertharding.com\/blog\/wp-json\/wp\/v2\/comments?post=5049"}],"version-history":[{"count":1,"href":"https:\/\/www.robertharding.com\/blog\/wp-json\/wp\/v2\/posts\/5049\/revisions"}],"predecessor-version":[{"id":5463,"href":"https:\/\/www.robertharding.com\/blog\/wp-json\/wp\/v2\/posts\/5049\/revisions\/5463"}],"wp:featuredmedia":[{"embeddable":true,"href":"https:\/\/www.robertharding.com\/blog\/wp-json\/wp\/v2\/media\/5091"}],"wp:attachment":[{"href":"https:\/\/www.robertharding.com\/blog\/wp-json\/wp\/v2\/media?parent=5049"}],"wp:term":[{"taxonomy":"category","embeddable":true,"href":"https:\/\/www.robertharding.com\/blog\/wp-json\/wp\/v2\/categories?post=5049"},{"taxonomy":"post_tag","embeddable":true,"href":"https:\/\/www.robertharding.com\/blog\/wp-json\/wp\/v2\/tags?post=5049"}],"curies":[{"name":"wp","href":"https:\/\/api.w.org\/{rel}","templated":true}]}}